{"id":205,"date":"2017-01-12T20:56:26","date_gmt":"2017-01-12T19:56:26","guid":{"rendered":"http:\/\/www.lesamphis.org\/blog\/?p=205"},"modified":"2017-01-12T20:58:54","modified_gmt":"2017-01-12T19:58:54","slug":"alchimie-interne-la-voie-du-messager-avec-patrick-burensteinas","status":"publish","type":"post","link":"http:\/\/www.lesamphis.org\/blog\/alchimie-interne-la-voie-du-messager-avec-patrick-burensteinas\/","title":{"rendered":"Alchimie interne, la voie du messager avec Patrick Burensteinas"},"content":{"rendered":"<h3><strong>Mercredi 29 Mars 2017 \u00e0 19 h 00 &#8211;\u00a0<\/strong><\/h3>\n<h3><strong>Alchimie interne, la voie du messager\u00a0avec Patrick Burensteinas<a href=\"http:\/\/www.lesamphis.org\/blog\/wp-content\/uploads\/2015\/01\/pb.png\"><img loading=\"lazy\" decoding=\"async\" class=\"alignleft size-medium wp-image-44\" src=\"http:\/\/www.lesamphis.org\/blog\/wp-content\/uploads\/2015\/01\/pb-300x168.png\" alt=\"\" width=\"300\" height=\"168\" srcset=\"http:\/\/www.lesamphis.org\/blog\/wp-content\/uploads\/2015\/01\/pb-300x168.png 300w, http:\/\/www.lesamphis.org\/blog\/wp-content\/uploads\/2015\/01\/pb.png 640w\" sizes=\"(max-width: 300px) 100vw, 300px\" \/><\/a><br \/>\n<\/strong><\/h3>\n<p><a href=\"http:\/\/www.orifaber.fr\/patrick-burensteinas\">Patrick Burensteinas<\/a>, revient aux AMPHIS pour nous entra\u00eener avec Herm\u00e8s (Mercure) \u00e0 faire le lien entre le dedans et le dehors, \u00e0 entendre la langue des oiseaux\u00a0 et \u00e0 comprendre la voie de l&rsquo;Alchimie.<\/p>\n<p>Patrick Burensteinas est alchimiste et franc-ma\u00e7on, scientifique, auteur, conf\u00e9rencier et formateur international ; il est reconnu autant pour son enthousiasme, sa convivialit\u00e9 et son esprit de synth\u00e8se que pour sa facult\u00e9 \u00e0 vulgariser les principes et notions de l&rsquo;Alchimie.<\/p>\n<p>La repr\u00e9sentation que l\u2019on a de l\u2019alchimiste est souvent\u00a0 moyen\u00e2geuse, images de personnes cherchant la pierre philosophale et\u00a0 voulant\u00a0en r\u00e9alit\u00e9 plut\u00f4t transformer le plomb en or. Ces alchimistes auraient ainsi trouv\u00e9 des produits chimiques qui, une fois la superstition envol\u00e9e, auraient contribu\u00e9 \u00e0 la chimie moderne. Mais l\u2019Alchimie ce n\u2019est pas cela, c\u2019est avant tout une m\u00e9ta physique, c\u2019est-\u00e0-dire une voie de r\u00e9int\u00e9gration. Nous venons d\u2019un tout et nous souhaitons y retourner. C\u2019est v\u00e9ritablement une qu\u00eate philosophique. Quand on arrive dans ce monde on appara\u00eet et on dispara\u00eet lorsqu\u2019on le quitte. Finalement,\u00a0nous ne faisons que para\u00eetre. En alchimie on parle\u00a0de pers\u00e9v\u00e9rer o\u00f9 l\u2019on entend \u00ab percez et vous verrez \u00bb. La question est alors \u00ab Percer quoi pour voir quoi ? \u00bb. Percer le monde pour voir ce qu\u2019il y a derri\u00e8re, c\u2019est le but de l\u2019alchimie. La pierre philosophale est un clou qui perce la r\u00e9alit\u00e9 pour montrer la lumi\u00e8re qui est derri\u00e8re. D\u00e9cryptage assur\u00e9 et enchantement de la langue&#8230;.<\/p>\n<p>\u00ab <em>L&rsquo;Alchimie est pour moi<\/em>, dit-il, <em>un moyen pour l&rsquo;Homme de retrouver sa place, de renouer le dialogue avec la nature et avec lui-m\u00eame, non pas dans une vision magico-lyrique, mais dans un monde bien r\u00e9el. Notre vision ne s&rsquo;arr\u00eate pas \u00e0 notre savoir, elle nous pousse vers la connaissance.<\/em> \u00bb<\/p>\n<p>Patrick Burensteinas a cr\u00e9e la Trame, une technique th\u00e9rapeutique vibratoire. Pour plus d&rsquo;informations visitez le site <a href=\"http:\/\/www.la-trame.com\" target=\"_blank\">www.la-trame.com<\/a>.\u00a0 Il a \u00e9galement d\u00e9velopp\u00e9 une nouvelle approche de l&rsquo;enseignement de la Kabbale et de la transmission de la Voie de l&rsquo;Alchimie. Il a ainsi cr\u00e9\u00e9 de nombreux outils de d\u00e9veloppement personnel puissants et faciles \u00e0 mettre en pratique dans notre vie moderne. Ces outils sont accessibles \u00e0 travers des formations et voyages initiatiques divers qu&rsquo;il propose et qui visent tous un m\u00eame but : l&rsquo;actualisation d&rsquo;une Connaissance ancestrale afin de comprendre la Philosophie de cette tradition occidentale mill\u00e9naire et peut-\u00eatre de prendre le chemin de la Voie.<\/p>\n<ul>\n<li>Il a publi\u00e9 aux \u00e9ditions du Mercure Dauphinois :\u00a0 <a href=\"http:\/\/www.lesamphis.org\/blog\/wp-content\/uploads\/2017\/01\/416xatVt1L._SX95_.jpg\"><img loading=\"lazy\" decoding=\"async\" class=\"alignleft size-full wp-image-213\" src=\"http:\/\/www.lesamphis.org\/blog\/wp-content\/uploads\/2017\/01\/416xatVt1L._SX95_.jpg\" alt=\"\" width=\"95\" height=\"161\" \/><\/a> <a href=\"http:\/\/www.lesamphis.org\/blog\/wp-content\/uploads\/2017\/01\/51Ilad0PdNL._SX95_.jpg\"><img loading=\"lazy\" decoding=\"async\" class=\"alignleft size-full wp-image-212\" src=\"http:\/\/www.lesamphis.org\/blog\/wp-content\/uploads\/2017\/01\/51Ilad0PdNL._SX95_.jpg\" alt=\"\" width=\"95\" height=\"157\" \/><\/a><br \/>\n&#8211; La Trame, Se soigner par l&rsquo;\u00e9nergie du monde, &#8211; Le Disciple, trois contes alchimiques,- De la Mati\u00e8re \u00e0 la Lumi\u00e8re,-\u00a0 Heptalion &#8230;<br \/>\nEt Chartres &#8211; Cath\u00e9drale alchimique et ma\u00e7onnique aux \u00e9ditions Trajectoire.<\/li>\n<\/ul>\n<p>&nbsp;<\/p>\n<p>&nbsp;<\/p>\n<p>Il participe \u00e9galement \u00e0 la s\u00e9rie de 7 films Le Voyage Alchimique de Bruxelles \u00e0 Saint-Jacques de Compostelle r\u00e9alis\u00e9e par Georges Combe, voyage initiatique en 7 \u00e9tapes, sept lieux pour vous familiariser avec les secrets du Grand Oeuvre \u00e0 la lumi\u00e8re des travaux de l&rsquo;alchimiste dans son laboratoire.<br \/>\n&#8211; la Grand&rsquo;Place de Bruxelles<br \/>\n&#8211; la cath\u00e9drale de Chartres<br \/>\n&#8211; le Mont Saint-Michel<br \/>\n&#8211; Rocamadour<br \/>\n&#8211; Saint-Jacques de Compostelle<br \/>\n&#8211; Paris et Nicolas Flamel<br \/>\n&#8211; Notre-Dame de Paris<\/p>\n<p>on peut \u00e9galement l&rsquo;\u00e9couter sur internet par exemple , <a href=\"https:\/\/www.youtube.com\/watch?list=PLZi9Eo8D2w-2SPCxtLDaby-SYjzL44SXh&amp;v=tmzJC2FB5kc\">l&rsquo;alchimie op\u00e9rative <\/a><\/p>\n<p><a title=\"l'Univers a-t-il un sens ?\" href=\"http:\/\/www.lesamphis.org\/blog\/\">retour vers la page d&rsquo;accueil <\/a><\/p>\n","protected":false},"excerpt":{"rendered":"<p>Mercredi 29 Mars 2017 \u00e0 19 h 00 &#8211;\u00a0 Alchimie interne, la voie du messager\u00a0avec Patrick Burensteinas Patrick Burensteinas, revient aux AMPHIS pour nous entra\u00eener avec Herm\u00e8s (Mercure) \u00e0 faire le lien entre le dedans et le dehors, \u00e0 entendre la langue des oiseaux\u00a0 et \u00e0 comprendre la voie de l&rsquo;Alchimie. Patrick Burensteinas est alchimiste &#8230; <span class=\"more\"><a class=\"more-link\" href=\"http:\/\/www.lesamphis.org\/blog\/alchimie-interne-la-voie-du-messager-avec-patrick-burensteinas\/\">[Read more&#8230;]<\/a><\/span><\/p>\n","protected":false},"author":2,"featured_media":0,"comment_status":"open","ping_status":"open","sticky":false,"template":"","format":"standard","meta":{"_bbp_topic_count":0,"_bbp_reply_count":0,"_bbp_total_topic_count":0,"_bbp_total_reply_count":0,"_bbp_voice_count":0,"_bbp_anonymous_reply_count":0,"_bbp_topic_count_hidden":0,"_bbp_reply_count_hidden":0,"_bbp_forum_subforum_count":0,"footnotes":""},"categories":[1],"tags":[],"_links":{"self":[{"href":"http:\/\/www.lesamphis.org\/blog\/wp-json\/wp\/v2\/posts\/205"}],"collection":[{"href":"http:\/\/www.lesamphis.org\/blog\/wp-json\/wp\/v2\/posts"}],"about":[{"href":"http:\/\/www.lesamphis.org\/blog\/wp-json\/wp\/v2\/types\/post"}],"author":[{"embeddable":true,"href":"http:\/\/www.lesamphis.org\/blog\/wp-json\/wp\/v2\/users\/2"}],"replies":[{"embeddable":true,"href":"http:\/\/www.lesamphis.org\/blog\/wp-json\/wp\/v2\/comments?post=205"}],"version-history":[{"count":8,"href":"http:\/\/www.lesamphis.org\/blog\/wp-json\/wp\/v2\/posts\/205\/revisions"}],"predecessor-version":[{"id":216,"href":"http:\/\/www.lesamphis.org\/blog\/wp-json\/wp\/v2\/posts\/205\/revisions\/216"}],"wp:attachment":[{"href":"http:\/\/www.lesamphis.org\/blog\/wp-json\/wp\/v2\/media?parent=205"}],"wp:term":[{"taxonomy":"category","embeddable":true,"href":"http:\/\/www.lesamphis.org\/blog\/wp-json\/wp\/v2\/categories?post=205"},{"taxonomy":"post_tag","embeddable":true,"href":"http:\/\/www.lesamphis.org\/blog\/wp-json\/wp\/v2\/tags?post=205"}],"curies":[{"name":"wp","href":"https:\/\/api.w.org\/{rel}","templated":true}]}}