{"id":64,"date":"2015-04-17T15:24:08","date_gmt":"2015-04-17T14:24:08","guid":{"rendered":"http:\/\/www.lesamphis.org\/blog\/?p=64"},"modified":"2015-04-27T16:30:03","modified_gmt":"2015-04-27T15:30:03","slug":"salon-litteraire-maconnique","status":"publish","type":"post","link":"http:\/\/www.lesamphis.org\/blog\/salon-litteraire-maconnique\/","title":{"rendered":"Salon Litt\u00e9raire Ma\u00e7onnique"},"content":{"rendered":"<blockquote><p><strong>Les livres qui \u00e9clairent le chemin<\/strong><\/p><\/blockquote>\n<p><strong>Samedi 30 Mai 2015 de 10 h 30 \u00e0 19h<\/strong><\/p>\n<p><a href=\"http:\/\/www.lesamphis.org\/blog\/wp-content\/uploads\/2015\/04\/library-425730_1280.jpg\"><img loading=\"lazy\" decoding=\"async\" class=\"alignright wp-image-70 \" src=\"http:\/\/www.lesamphis.org\/blog\/wp-content\/uploads\/2015\/04\/library-425730_1280-300x215.jpg\" alt=\"library\" width=\"355\" height=\"254\" srcset=\"http:\/\/www.lesamphis.org\/blog\/wp-content\/uploads\/2015\/04\/library-425730_1280-300x215.jpg 300w, http:\/\/www.lesamphis.org\/blog\/wp-content\/uploads\/2015\/04\/library-425730_1280-1024x736.jpg 1024w, http:\/\/www.lesamphis.org\/blog\/wp-content\/uploads\/2015\/04\/library-425730_1280.jpg 1280w\" sizes=\"(max-width: 355px) 100vw, 355px\" \/><\/a><\/p>\n<p>Ce 2\u00e8me Salon des Livres et des Auteurs, sous le patronage des AMPHIS, vous permettra d\u2019approcher des passionn\u00e9s de la lecture, de la recherche Ma\u00e7onnique et de l\u2019\u00e9sot\u00e9risme.<br \/>\nDurant ces \u00e9changes, les Auteurs r\u00e9pondront en direct \u00e0 vos questions et d\u00e9dicaceront leurs ouvrages.<\/p>\n<p>Venez les rencontrer<\/p>\n<p>Jean-Claude ALLAMANCHE &#8211; Jean BEAUDOIN &#8211; Christian BUIRON &#8211; Jack CHABOUD-Jacques FONTAINE &#8211; Michel KONIG &#8211; Jacques ROLLAND &#8211; Jean SOLIS -Solange SUDARSKIS &#8211; Jean-Fran\u00e7ois VAR &#8211; Pascal VESIN &#8211; Voix d&rsquo;InIti\u00e9es<\/p>\n<blockquote><p><strong>Conf\u00e9rences<\/strong><\/p><\/blockquote>\n<p><em>Gratuit et compris dans l\u2019abonnement <\/em><br \/>\n<em>PAF 8\u20ac pour les 2 conf\u00e9rences de la journ\u00e9e<\/em><br \/>\n<em>(Hors soir\u00e9e de Gala)<\/em><\/p>\n<p><strong>La voie spirituelle ma\u00e7onnique<\/strong><\/p>\n<p><a href=\"http:\/\/www.lesamphis.org\/blog\/wp-content\/uploads\/2015\/04\/live1.png\"><img loading=\"lazy\" decoding=\"async\" class=\"alignright wp-image-72 size-full\" src=\"http:\/\/www.lesamphis.org\/blog\/wp-content\/uploads\/2015\/04\/live1.png\" alt=\"live1\" width=\"141\" height=\"170\" \/><\/a>Jacques Fontaine a \u00e9t\u00e9 initi\u00e9 en 1969 et appartient \u00e0 deux Loges bleues, au Grand Orient de France et \u00e0 l\u2019Ordre initiatique et traditionnel de l\u2019Art royal. Il se passionne pour la Franc-ma\u00e7onnerie qu\u2019il consid\u00e8re comme un des joyaux de la pens\u00e9e occidentale. Il estime que sa version fran\u00e7aise est la plus aboutie, si on prend en compte, \u00e0 la fois, la libert\u00e9 de conscience et le d\u00e9veloppement spirituel. Pour autant, selon lui elle est en cours d\u2019\u00e9volution et n\u2019est pas encore suffisamment stabilis\u00e9e. Elle est, dans la r\u00e9alit\u00e9, en de\u00e7\u00e0 de ses promesses. C\u2019est pourquoi, il s\u2019associe aux Ma\u00e7ons qui tentent de l\u2019aider \u00e0 se perfectionner. Pour sa part, il promeut une Franc-ma\u00e7onnerie \u00ab lib\u00e9rative \u00bb, \u00e9galement soucieuse du temple et du forum.<br \/>\n<a href=\"http:\/\/www.lesamphis.org\/blog\/wp-content\/uploads\/2015\/04\/Jacques-Fontaine.png\"><img loading=\"lazy\" decoding=\"async\" class=\"alignleft wp-image-69 size-full\" src=\"http:\/\/www.lesamphis.org\/blog\/wp-content\/uploads\/2015\/04\/Jacques-Fontaine.png\" alt=\"Jacques Fontaine\" width=\"125\" height=\"171\" \/><\/a>Jacques Fontaine est psychop\u00e9dagogue de m\u00e9tier. Il se nourrit des pens\u00e9es de S Freud, CG Jung et de leurs disciples ; de celles de R Berteaux, de D Beresniak qui fut son ma\u00eetre. Et, plus g\u00e9n\u00e9ralement, il s\u2019inspire des traditions des rites de passage. Il milite dans plusieurs associations des droits de l\u2019Homme, en tant que Citoyen du monde. En effet, il pense que la spiritualit\u00e9 n\u2019est pas seulement une qu\u00eate du bien-\u00eatre, mais qu\u2019elle doit se prolonger dans le bien-faire concret. D\u2019ailleurs, il se m\u00e9fie du lyrisme symbolique et des honneurs ma\u00e7onniques ; il leur pr\u00e9f\u00e8re la m\u00e9ditation qui change la personne et la modestie qui pr\u00e9lude \u00e0 cet effort.<br \/>\nIl est un homme qui honore tant la raison que le sacr\u00e9. Il essaie de relier les deux dans ses ouvrages de prose et de po\u00e9sie (31 \u00e0 ce jour) : ils t\u00e9moignent de sa passion pour la transmission, profane et initiatique. A ce titre, il s\u2019efforce de faire le mieux possible.<\/p>\n<p><em>D\u00e9dicace \u00e0 l\u2019issue de la conf\u00e9rence.<\/em><br \/>\n<strong>\u00a0Le r\u00eave ma\u00e7onnique d\u2019un Roi<\/strong><\/p>\n<p><a href=\"http:\/\/www.lesamphis.org\/blog\/wp-content\/uploads\/2015\/04\/livre2.png\"><img loading=\"lazy\" decoding=\"async\" class=\"alignleft wp-image-73 size-full\" src=\"http:\/\/www.lesamphis.org\/blog\/wp-content\/uploads\/2015\/04\/livre2.png\" alt=\"livre2\" width=\"160\" height=\"264\" \/><\/a>Mani\u00e8re de montrer Versailles fut une \u00e9p\u00eetre compos\u00e9e par Louis XIV lui-m\u00eame \u00e0 l&rsquo;usage de milliers de courtisans et de nombreux visiteurs \u00e9trangers. Loin de vouloir r\u00e9aliser un guide touristique, il soulignait que la visite du ch\u00e2teau rev\u00eatait un caract\u00e8re rituel. Versailles ob\u00e9it \u00e0 une volont\u00e9 secr\u00e8te du Roi : oublier les \u00e9pisodes des guerres de Religion et de la Fronde pour r\u00e9unir enfin les meilleurs dans toutes les corporations de m\u00e9tiers du royaume. Ainsi s&rsquo;y retrouv\u00e8rent Le N\u00f4tre, Mansart, Louvois aussi bien que Lully, Moli\u00e8re et Perrault. Ce sont eux \u00ab les grands architectes \u00bb de Versailles : de midi \u00e0 minuit et de minuit \u00e0 midi, des dizaines de milliers de personnes peuvent suivre la course du soleil, une bien \u00e9trange alchimie, du noir le matin au blanc le midi, pour s&rsquo;achever dans le rouge du soleil couchant. Les quatre \u00e9l\u00e9ments sont repr\u00e9sent\u00e9s, \u00e0 savoir l&rsquo;air, par les 9000 ha du parc, la terre plant\u00e9e de milliers d&rsquo;arbres, l&rsquo;eau par les innombrables bassins sans oublier la galerie des Glaces, et le feu par l&rsquo;appellation m\u00eame du Roi-Soleil. Voltaire pourra ainsi \u00e9crire que cette p\u00e9riode de l&rsquo;histoire fut r\u00e9ellement le Si\u00e8cle de Louis XIV.<\/p>\n<p><a href=\"http:\/\/www.lesamphis.org\/blog\/wp-content\/uploads\/2015\/04\/Jacques-Rolland.png\"><img loading=\"lazy\" decoding=\"async\" class=\"alignright wp-image-68 size-full\" src=\"http:\/\/www.lesamphis.org\/blog\/wp-content\/uploads\/2015\/04\/Jacques-Rolland.png\" alt=\"Jacques Rolland\" width=\"102\" height=\"135\" \/><\/a>Partons \u00e0 la d\u00e9couverte de ce tr\u00e9sor de notre patrimoine et d\u00e9cryptons toutes les cl\u00e9s \u00e9sot\u00e9riques qu&rsquo;il rec\u00e8le. Jacques Rolland est reconnu comme l\u2019un des meilleurs sp\u00e9cialistes fran\u00e7ais de l\u2019Ordre du Temple et de la Franc-ma\u00e7onnerie. Il est l\u2019auteur d\u2019ouvrages de r\u00e9f\u00e9rence sur ce sujet, dont : \u00ab\u00a0Les Templiers \u2013 Les Archives secr\u00e8tes du Vatican\u00a0\u00bb, \u00ab\u00a0Le v\u00e9ritable tr\u00e9sor des templiers\u00a0\u00bb, \u00ab\u00a0Des Templiers \u00e0 la Franc-ma\u00e7onnerie\u00a0\u00bb, \u00ab\u00a0Les Francs-ma\u00e7ons dans la R\u00e9volution fran\u00e7aise\u00a0\u00bb, \u00ab\u00a0La Franc ma\u00e7onnerie f\u00e9minine dans la R\u00e9volution fran\u00e7aise\u00a0\u00bb ou encore \u00ab\u00a0Le tablier ne fait pas le ma\u00e7on\u00a0\u00bb, aux \u00e9ditions Trajectoire.<br \/>\nSc\u00e9nariste, \u00e9crivain, passionn\u00e9 de l\u2019Orient et du Moyen-Orient, il parle et pratique l\u2019Arabe et a anim\u00e9 des spectacles sons et lumi\u00e8res \u00e0 Duba\u00ef et Sept\u00e8me dans l\u2019Is\u00e8re (20 000 spectateurs) sur les Templiers. Il nous fait l\u2019amiti\u00e9 fraternelle de nous apporter son Savoir.<br \/>\n<em>D\u00e9dicace \u00e0 l\u2019issue de la conf\u00e9rence.<\/em><\/p>\n<p><strong>\u00a0Organisation<\/strong><\/p>\n<div>Nathalie Robert \u00a0<a href=\"mailto:robert.nathalie3@wanadoo.fr\">robert.nathalie3@wanadoo.fr<\/a><\/div>\n<div>Yann Martin Ruffier\u00a0<a href=\"mailto:yann.martin@ymo.fr\">yann.martin@ymo.fr<\/a><\/div>\n<div style=\"margin_bottom:20px;\">&nbsp;<\/div>\n","protected":false},"excerpt":{"rendered":"<p>Les livres qui \u00e9clairent le chemin Samedi 30 Mai 2015 de 10 h 30 \u00e0 19h Ce 2\u00e8me Salon des Livres et des Auteurs, sous le patronage des AMPHIS, vous permettra d\u2019approcher des passionn\u00e9s de la lecture, de la recherche Ma\u00e7onnique et de l\u2019\u00e9sot\u00e9risme. Durant ces \u00e9changes, les Auteurs r\u00e9pondront en direct \u00e0 vos questions &#8230; <span class=\"more\"><a class=\"more-link\" href=\"http:\/\/www.lesamphis.org\/blog\/salon-litteraire-maconnique\/\">[Read more&#8230;]<\/a><\/span><\/p>\n","protected":false},"author":1,"featured_media":0,"comment_status":"closed","ping_status":"open","sticky":false,"template":"","format":"standard","meta":{"_bbp_topic_count":0,"_bbp_reply_count":0,"_bbp_total_topic_count":0,"_bbp_total_reply_count":0,"_bbp_voice_count":0,"_bbp_anonymous_reply_count":0,"_bbp_topic_count_hidden":0,"_bbp_reply_count_hidden":0,"_bbp_forum_subforum_count":0,"footnotes":""},"categories":[2],"tags":[75,25,62,77,64,76,65,79,74,80,73,82,71,70,61,66,59,78,84,83,69,68,60,81,67,72,63,85],"_links":{"self":[{"href":"http:\/\/www.lesamphis.org\/blog\/wp-json\/wp\/v2\/posts\/64"}],"collection":[{"href":"http:\/\/www.lesamphis.org\/blog\/wp-json\/wp\/v2\/posts"}],"about":[{"href":"http:\/\/www.lesamphis.org\/blog\/wp-json\/wp\/v2\/types\/post"}],"author":[{"embeddable":true,"href":"http:\/\/www.lesamphis.org\/blog\/wp-json\/wp\/v2\/users\/1"}],"replies":[{"embeddable":true,"href":"http:\/\/www.lesamphis.org\/blog\/wp-json\/wp\/v2\/comments?post=64"}],"version-history":[{"count":12,"href":"http:\/\/www.lesamphis.org\/blog\/wp-json\/wp\/v2\/posts\/64\/revisions"}],"predecessor-version":[{"id":90,"href":"http:\/\/www.lesamphis.org\/blog\/wp-json\/wp\/v2\/posts\/64\/revisions\/90"}],"wp:attachment":[{"href":"http:\/\/www.lesamphis.org\/blog\/wp-json\/wp\/v2\/media?parent=64"}],"wp:term":[{"taxonomy":"category","embeddable":true,"href":"http:\/\/www.lesamphis.org\/blog\/wp-json\/wp\/v2\/categories?post=64"},{"taxonomy":"post_tag","embeddable":true,"href":"http:\/\/www.lesamphis.org\/blog\/wp-json\/wp\/v2\/tags?post=64"}],"curies":[{"name":"wp","href":"https:\/\/api.w.org\/{rel}","templated":true}]}}