{"id":659,"date":"2019-12-12T21:25:11","date_gmt":"2019-12-12T20:25:11","guid":{"rendered":"http:\/\/www.lesamphis.org\/blog\/?p=659"},"modified":"2020-01-14T18:43:38","modified_gmt":"2020-01-14T17:43:38","slug":"le-mercredi-22-janvier-2020","status":"publish","type":"post","link":"http:\/\/www.lesamphis.org\/blog\/le-mercredi-22-janvier-2020\/","title":{"rendered":"A venir &#8211; Le mercredi 22 Janvier 2020"},"content":{"rendered":"\n<h2 class=\"wp-block-heading\">       Rencontre Inter-Ob\u00e9diences<\/h2>\n\n\n\n<figure class=\"wp-block-image size-large\"><img loading=\"lazy\" decoding=\"async\" width=\"724\" height=\"1024\" src=\"http:\/\/www.lesamphis.org\/blog\/wp-content\/uploads\/2019\/12\/Affiche_Montage_Janvier-2020-3--724x1024.jpg\" alt=\"\" class=\"wp-image-660\" srcset=\"http:\/\/www.lesamphis.org\/blog\/wp-content\/uploads\/2019\/12\/Affiche_Montage_Janvier-2020-3--724x1024.jpg 724w, http:\/\/www.lesamphis.org\/blog\/wp-content\/uploads\/2019\/12\/Affiche_Montage_Janvier-2020-3--212x300.jpg 212w, http:\/\/www.lesamphis.org\/blog\/wp-content\/uploads\/2019\/12\/Affiche_Montage_Janvier-2020-3--768x1086.jpg 768w, http:\/\/www.lesamphis.org\/blog\/wp-content\/uploads\/2019\/12\/Affiche_Montage_Janvier-2020-3--1086x1536.jpg 1086w, http:\/\/www.lesamphis.org\/blog\/wp-content\/uploads\/2019\/12\/Affiche_Montage_Janvier-2020-3--1448x2048.jpg 1448w, http:\/\/www.lesamphis.org\/blog\/wp-content\/uploads\/2019\/12\/Affiche_Montage_Janvier-2020-3--scaled.jpg 1810w\" sizes=\"(max-width: 724px) 100vw, 724px\" \/><\/figure>\n\n\n\n<p>           Nous nous retrouverons le mercredi 22 janvier 2020 \u00e0 19H !<br>Cette rencontre permettra \u00e0 chaque Ob\u00e9dience repr\u00e9sent\u00e9e de partager<br>plus en avant le socle sur lequel est b\u00e2ti leur spiritualit\u00e9 respective.<\/p>\n\n\n\n<div class=\"wp-block-file\"><a href=\"http:\/\/www.lesamphis.org\/blog\/wp-content\/uploads\/2019\/12\/Les_Amphis_Rencontre_Inter-Obediences-22-01-2020_Officiel.pdf\">Les_Amphis_Rencontre_Inter-Obediences-22-01-2020_Officiel<\/a><a href=\"http:\/\/www.lesamphis.org\/blog\/wp-content\/uploads\/2019\/12\/Les_Amphis_Rencontre_Inter-Obediences-22-01-2020_Officiel.pdf\" class=\"wp-block-file__button\" download>T\u00e9l\u00e9charger<\/a><\/div>\n\n\n\n<div class=\"wp-block-media-text alignwide is-vertically-aligned-center\" style=\"grid-template-columns:53% auto\"><figure class=\"wp-block-media-text__media\"><img loading=\"lazy\" decoding=\"async\" width=\"1010\" height=\"774\" src=\"http:\/\/www.lesamphis.org\/blog\/wp-content\/uploads\/2019\/12\/Variot-GLNF-V3-0-00-00-00.png\" alt=\"\" class=\"wp-image-671\" srcset=\"http:\/\/www.lesamphis.org\/blog\/wp-content\/uploads\/2019\/12\/Variot-GLNF-V3-0-00-00-00.png 1010w, http:\/\/www.lesamphis.org\/blog\/wp-content\/uploads\/2019\/12\/Variot-GLNF-V3-0-00-00-00-300x230.png 300w, http:\/\/www.lesamphis.org\/blog\/wp-content\/uploads\/2019\/12\/Variot-GLNF-V3-0-00-00-00-768x589.png 768w\" sizes=\"(max-width: 1010px) 100vw, 1010px\" \/><\/figure><div class=\"wp-block-media-text__content\">\n<p style=\"font-size:15px\">Avec <strong>Jean-Fran\u00e7ois Variot <\/strong><\/p>\n\n\n\n<p style=\"font-size:15px\" class=\"has-background has-cyan-bluish-gray-background-color\"><strong>Grande Loge Nationale Fran\u00e7aise<\/strong><\/p>\n<\/div><\/div>\n\n\n\n<div class=\"wp-block-media-text alignwide\"><figure class=\"wp-block-media-text__media\"><img loading=\"lazy\" decoding=\"async\" width=\"1024\" height=\"635\" src=\"http:\/\/www.lesamphis.org\/blog\/wp-content\/uploads\/2019\/12\/Besson-GLFF-V20-00-00-00-1024x635.png\" alt=\"\" class=\"wp-image-672\" srcset=\"http:\/\/www.lesamphis.org\/blog\/wp-content\/uploads\/2019\/12\/Besson-GLFF-V20-00-00-00-1024x635.png 1024w, http:\/\/www.lesamphis.org\/blog\/wp-content\/uploads\/2019\/12\/Besson-GLFF-V20-00-00-00-300x186.png 300w, http:\/\/www.lesamphis.org\/blog\/wp-content\/uploads\/2019\/12\/Besson-GLFF-V20-00-00-00-768x476.png 768w, http:\/\/www.lesamphis.org\/blog\/wp-content\/uploads\/2019\/12\/Besson-GLFF-V20-00-00-00.png 1110w\" sizes=\"(max-width: 1024px) 100vw, 1024px\" \/><\/figure><div class=\"wp-block-media-text__content\">\n<p style=\"font-size:15px\">Avec <strong>Marie-Th\u00e9r\u00e8se Besson <\/strong><\/p>\n\n\n\n<p style=\"font-size:15px\" class=\"has-background has-cyan-bluish-gray-background-color\"><strong>Grande Loge F\u00e9minine De France<\/strong><\/p>\n<\/div><\/div>\n\n\n\n<div class=\"wp-block-media-text alignwide\" style=\"grid-template-columns:48% auto\"><figure class=\"wp-block-media-text__media\"><img loading=\"lazy\" decoding=\"async\" width=\"930\" height=\"650\" src=\"http:\/\/www.lesamphis.org\/blog\/wp-content\/uploads\/2019\/12\/Demulier-GLDF-V2-0-00-00-00.png\" alt=\"\" class=\"wp-image-673\" srcset=\"http:\/\/www.lesamphis.org\/blog\/wp-content\/uploads\/2019\/12\/Demulier-GLDF-V2-0-00-00-00.png 930w, http:\/\/www.lesamphis.org\/blog\/wp-content\/uploads\/2019\/12\/Demulier-GLDF-V2-0-00-00-00-300x210.png 300w, http:\/\/www.lesamphis.org\/blog\/wp-content\/uploads\/2019\/12\/Demulier-GLDF-V2-0-00-00-00-768x537.png 768w\" sizes=\"(max-width: 930px) 100vw, 930px\" \/><\/figure><div class=\"wp-block-media-text__content\">\n<p style=\"font-size:15px\">Avec <strong>Jean-Fran\u00e7ois Demulier<\/strong><\/p>\n\n\n\n<p class=\"has-background has-cyan-bluish-gray-background-color\"><strong>Grande Loge De France<\/strong><\/p>\n<\/div><\/div>\n\n\n\n<div class=\"wp-block-media-text alignwide\" style=\"grid-template-columns:46% auto\"><figure class=\"wp-block-media-text__media\"><img loading=\"lazy\" decoding=\"async\" width=\"952\" height=\"692\" src=\"http:\/\/www.lesamphis.org\/blog\/wp-content\/uploads\/2019\/12\/Grange-GLTSO-OK.png\" alt=\"\" class=\"wp-image-721\" srcset=\"http:\/\/www.lesamphis.org\/blog\/wp-content\/uploads\/2019\/12\/Grange-GLTSO-OK.png 952w, http:\/\/www.lesamphis.org\/blog\/wp-content\/uploads\/2019\/12\/Grange-GLTSO-OK-300x218.png 300w, http:\/\/www.lesamphis.org\/blog\/wp-content\/uploads\/2019\/12\/Grange-GLTSO-OK-768x558.png 768w\" sizes=\"(max-width: 952px) 100vw, 952px\" \/><\/figure><div class=\"wp-block-media-text__content\">\n<p style=\"font-size:15px\">Avec <strong>Bernard Grange<\/strong><\/p>\n\n\n\n<p class=\"has-background has-cyan-bluish-gray-background-color\"><strong>Grande Loge Tradition Symbolique Op\u00e9ra<\/strong><\/p>\n<\/div><\/div>\n\n\n\n<div class=\"wp-block-media-text alignwide\" style=\"grid-template-columns:47% auto\"><figure class=\"wp-block-media-text__media\"><img loading=\"lazy\" decoding=\"async\" width=\"968\" height=\"652\" src=\"http:\/\/www.lesamphis.org\/blog\/wp-content\/uploads\/2019\/12\/Foussier-GODF-V2-0-00-00-00.png\" alt=\"\" class=\"wp-image-675\" srcset=\"http:\/\/www.lesamphis.org\/blog\/wp-content\/uploads\/2019\/12\/Foussier-GODF-V2-0-00-00-00.png 968w, http:\/\/www.lesamphis.org\/blog\/wp-content\/uploads\/2019\/12\/Foussier-GODF-V2-0-00-00-00-300x202.png 300w, http:\/\/www.lesamphis.org\/blog\/wp-content\/uploads\/2019\/12\/Foussier-GODF-V2-0-00-00-00-768x517.png 768w\" sizes=\"(max-width: 968px) 100vw, 968px\" \/><\/figure><div class=\"wp-block-media-text__content\">\n<p style=\"font-size:15px\">Avec <strong>Philippe Foussier<\/strong><\/p>\n\n\n\n<p style=\"font-size:15px\" class=\"has-background has-cyan-bluish-gray-background-color\"><strong>Grand Orient De France<\/strong><\/p>\n<\/div><\/div>\n\n\n\n<div class=\"wp-block-media-text alignwide\" style=\"grid-template-columns:48% auto\"><figure class=\"wp-block-media-text__media\"><img loading=\"lazy\" decoding=\"async\" width=\"493\" height=\"328\" src=\"http:\/\/www.lesamphis.org\/blog\/wp-content\/uploads\/2019\/12\/Alain-Michon-Ancien-GMN-FFDH-Officiel.png\" alt=\"\" class=\"wp-image-735\" srcset=\"http:\/\/www.lesamphis.org\/blog\/wp-content\/uploads\/2019\/12\/Alain-Michon-Ancien-GMN-FFDH-Officiel.png 493w, http:\/\/www.lesamphis.org\/blog\/wp-content\/uploads\/2019\/12\/Alain-Michon-Ancien-GMN-FFDH-Officiel-300x200.png 300w\" sizes=\"(max-width: 493px) 100vw, 493px\" \/><\/figure><div class=\"wp-block-media-text__content\">\n<p style=\"font-size:15px\">avec <strong>Alain Michon<\/strong><\/p>\n\n\n\n<p style=\"font-size:15px\" class=\"has-background has-text-align-center has-cyan-bluish-gray-background-color\"><strong>Ordre Ma\u00e7onnique Mixte International LE DROIT HUMAIN.<\/strong><br><\/p>\n<\/div><\/div>\n\n\n\n<figure class=\"wp-block-image size-large\"><img loading=\"lazy\" decoding=\"async\" width=\"724\" height=\"1024\" src=\"http:\/\/www.lesamphis.org\/blog\/wp-content\/uploads\/2019\/12\/Les_Amphis_Affiche_Janvier_2020_V4-724x1024.jpg\" alt=\"\" class=\"wp-image-668\" srcset=\"http:\/\/www.lesamphis.org\/blog\/wp-content\/uploads\/2019\/12\/Les_Amphis_Affiche_Janvier_2020_V4-724x1024.jpg 724w, http:\/\/www.lesamphis.org\/blog\/wp-content\/uploads\/2019\/12\/Les_Amphis_Affiche_Janvier_2020_V4-212x300.jpg 212w, http:\/\/www.lesamphis.org\/blog\/wp-content\/uploads\/2019\/12\/Les_Amphis_Affiche_Janvier_2020_V4-768x1086.jpg 768w, http:\/\/www.lesamphis.org\/blog\/wp-content\/uploads\/2019\/12\/Les_Amphis_Affiche_Janvier_2020_V4-1086x1536.jpg 1086w, http:\/\/www.lesamphis.org\/blog\/wp-content\/uploads\/2019\/12\/Les_Amphis_Affiche_Janvier_2020_V4-1448x2048.jpg 1448w, http:\/\/www.lesamphis.org\/blog\/wp-content\/uploads\/2019\/12\/Les_Amphis_Affiche_Janvier_2020_V4-scaled.jpg 1810w\" sizes=\"(max-width: 724px) 100vw, 724px\" \/><\/figure>\n\n\n\n<p><\/p>\n","protected":false},"excerpt":{"rendered":"<p>Rencontre Inter-Ob\u00e9diences Nous nous retrouverons le mercredi 22 janvier 2020 \u00e0 19H !Cette rencontre permettra \u00e0 chaque Ob\u00e9dience repr\u00e9sent\u00e9e de partagerplus en avant le socle sur lequel est b\u00e2ti leur spiritualit\u00e9 respective. Avec Jean-Fran\u00e7ois Variot Grande Loge Nationale Fran\u00e7aise Avec Marie-Th\u00e9r\u00e8se Besson Grande Loge F\u00e9minine De France Avec Jean-Fran\u00e7ois Demulier Grande Loge De France Avec &#8230; <span class=\"more\"><a class=\"more-link\" href=\"http:\/\/www.lesamphis.org\/blog\/le-mercredi-22-janvier-2020\/\">[Read more&#8230;]<\/a><\/span><\/p>\n","protected":false},"author":4,"featured_media":0,"comment_status":"open","ping_status":"open","sticky":true,"template":"","format":"standard","meta":{"_bbp_topic_count":0,"_bbp_reply_count":0,"_bbp_total_topic_count":0,"_bbp_total_reply_count":0,"_bbp_voice_count":0,"_bbp_anonymous_reply_count":0,"_bbp_topic_count_hidden":0,"_bbp_reply_count_hidden":0,"_bbp_forum_subforum_count":0,"footnotes":""},"categories":[132],"tags":[],"_links":{"self":[{"href":"http:\/\/www.lesamphis.org\/blog\/wp-json\/wp\/v2\/posts\/659"}],"collection":[{"href":"http:\/\/www.lesamphis.org\/blog\/wp-json\/wp\/v2\/posts"}],"about":[{"href":"http:\/\/www.lesamphis.org\/blog\/wp-json\/wp\/v2\/types\/post"}],"author":[{"embeddable":true,"href":"http:\/\/www.lesamphis.org\/blog\/wp-json\/wp\/v2\/users\/4"}],"replies":[{"embeddable":true,"href":"http:\/\/www.lesamphis.org\/blog\/wp-json\/wp\/v2\/comments?post=659"}],"version-history":[{"count":15,"href":"http:\/\/www.lesamphis.org\/blog\/wp-json\/wp\/v2\/posts\/659\/revisions"}],"predecessor-version":[{"id":740,"href":"http:\/\/www.lesamphis.org\/blog\/wp-json\/wp\/v2\/posts\/659\/revisions\/740"}],"wp:attachment":[{"href":"http:\/\/www.lesamphis.org\/blog\/wp-json\/wp\/v2\/media?parent=659"}],"wp:term":[{"taxonomy":"category","embeddable":true,"href":"http:\/\/www.lesamphis.org\/blog\/wp-json\/wp\/v2\/categories?post=659"},{"taxonomy":"post_tag","embeddable":true,"href":"http:\/\/www.lesamphis.org\/blog\/wp-json\/wp\/v2\/tags?post=659"}],"curies":[{"name":"wp","href":"https:\/\/api.w.org\/{rel}","templated":true}]}}