{"id":926,"date":"2020-05-03T20:52:28","date_gmt":"2020-05-03T19:52:28","guid":{"rendered":"http:\/\/www.lesamphis.org\/blog\/?p=926"},"modified":"2020-05-04T16:04:33","modified_gmt":"2020-05-04T15:04:33","slug":"adieu-elisabeth","status":"publish","type":"post","link":"http:\/\/www.lesamphis.org\/blog\/adieu-elisabeth\/","title":{"rendered":"Adieu Elisabeth!"},"content":{"rendered":"\n<div class=\"wp-block-image\"><figure class=\"aligncenter size-large is-resized\"><img loading=\"lazy\" decoding=\"async\" src=\"http:\/\/www.lesamphis.org\/blog\/wp-content\/uploads\/2020\/05\/EG.png\" alt=\"\" class=\"wp-image-936\" width=\"88\" height=\"114\"\/><\/figure><\/div>\n\n\n\n<p><strong>LES AMPHIS VDR<\/strong> ont l\u2019immense tristesse de vous faire part du d\u00e9c\u00e8s de leur tr\u00e9sori\u00e8re, de leur amie <strong>ELISABETH GENTY<\/strong> dans la nuit du Samedi 2 au Dimanche 3 Mai 2020. <br> Elle abordait sa maladie avec lucidit\u00e9 et courage mais le cancer dont elle avait appris qu\u2019elle \u00e9tait atteinte en d\u00e9cembre dernier, ne lui a pas laiss\u00e9 de r\u00e9pit. <br> <strong>Elisabeth<\/strong>, psychologue clinicienne et hypnoth\u00e9rapeute,  \u00e0 Lyon Croix Rousse, \u00e9tait  une professionnelle d\u00e9vou\u00e9e, une femme d\u2019engagement, une femme que l\u2019on a l\u2019honneur de conna\u00eetre, une m\u00e8re et une grand-m\u00e8re attentionn\u00e9e, une S\u00a0:. en recherche spirituelle mais aussi une femme d\u2019action qui mettait en \u0153uvre avec d\u00e9vouement ses valeurs les plus essentielles de solidarit\u00e9 et de fraternit\u00e9 au sein d\u2019<strong>Echanges Birmanie association<\/strong> qu\u2019elle avait fond\u00e9e et qu\u2019elle animait, infatigable, pour l\u2019\u00e9lectrification de certains territoires et surtout l\u2019\u00e9ducation et la scolarisation des filles, l\u2019acc\u00e8s \u00e0 l\u2019eau potable, et les aides d\u2019urgence apr\u00e8s les inondations. <\/p>\n\n\n\n<figure class=\"wp-block-image size-large\"><img loading=\"lazy\" decoding=\"async\" width=\"1024\" height=\"768\" src=\"http:\/\/www.lesamphis.org\/blog\/wp-content\/uploads\/2020\/05\/ELISABETH-GENTY-1-1024x768.jpg\" alt=\"\" class=\"wp-image-934\" srcset=\"http:\/\/www.lesamphis.org\/blog\/wp-content\/uploads\/2020\/05\/ELISABETH-GENTY-1-1024x768.jpg 1024w, http:\/\/www.lesamphis.org\/blog\/wp-content\/uploads\/2020\/05\/ELISABETH-GENTY-1-300x225.jpg 300w, http:\/\/www.lesamphis.org\/blog\/wp-content\/uploads\/2020\/05\/ELISABETH-GENTY-1-768x576.jpg 768w, http:\/\/www.lesamphis.org\/blog\/wp-content\/uploads\/2020\/05\/ELISABETH-GENTY-1.jpg 1222w\" sizes=\"(max-width: 1024px) 100vw, 1024px\" \/><\/figure>\n\n\n\n<p>Au sein des <strong>Amphis VDR<\/strong>, elle assumait la t\u00e2che de tr\u00e9sori\u00e8re depuis 4 ans, pr\u00e9sente \u00e0 toutes les conf\u00e9rences \u00e0 Rillieux, tenant les registres comptables avec rigueur et constance, membre actif d\u2019un bureau ouvert et fraternel. <br> Depuis  plus de vingt ans elle poursuivait inlassablement sa qu\u00eate spirituelle au sein de la <strong>G.L.F.F<\/strong>., \u00e0 la recherche de la lumi\u00e8re qu\u2019elle a aujourd\u2019hui rejoint \u00e0 l\u2019Orient Eternel .<br> Tout le Conseil d\u2019administration des <strong>Amphis VDR<\/strong> pr\u00e9sente ses plus sinc\u00e8res condol\u00e9ances \u00e0 ses fils Camille et Victor, \u00e0 sa petite-fille Claire dont elle \u00e9tait si proche, \u00e0 toute sa famille, \u00e0 ses ateliers et partage leur peine. Nous perdons un maillon d\u2019or. <\/p>\n\n\n\n<div class=\"wp-block-image\"><figure class=\"aligncenter size-large\"><img loading=\"lazy\" decoding=\"async\" width=\"211\" height=\"424\" src=\"http:\/\/www.lesamphis.org\/blog\/wp-content\/uploads\/2020\/05\/ELISABETH-GENTY.jpg\" alt=\"\" class=\"wp-image-935\" srcset=\"http:\/\/www.lesamphis.org\/blog\/wp-content\/uploads\/2020\/05\/ELISABETH-GENTY.jpg 211w, http:\/\/www.lesamphis.org\/blog\/wp-content\/uploads\/2020\/05\/ELISABETH-GENTY-149x300.jpg 149w\" sizes=\"(max-width: 211px) 100vw, 211px\" \/><\/figure><\/div>\n","protected":false},"excerpt":{"rendered":"<p>LES AMPHIS VDR ont l\u2019immense tristesse de vous faire part du d\u00e9c\u00e8s de leur tr\u00e9sori\u00e8re, de leur amie ELISABETH GENTY dans la nuit du Samedi 2 au Dimanche 3 Mai 2020. Elle abordait sa maladie avec lucidit\u00e9 et courage mais le cancer dont elle avait appris qu\u2019elle \u00e9tait atteinte en d\u00e9cembre dernier, ne lui a &#8230; <span class=\"more\"><a class=\"more-link\" href=\"http:\/\/www.lesamphis.org\/blog\/adieu-elisabeth\/\">[Read more&#8230;]<\/a><\/span><\/p>\n","protected":false},"author":4,"featured_media":0,"comment_status":"open","ping_status":"open","sticky":true,"template":"","format":"standard","meta":{"_bbp_topic_count":0,"_bbp_reply_count":0,"_bbp_total_topic_count":0,"_bbp_total_reply_count":0,"_bbp_voice_count":0,"_bbp_anonymous_reply_count":0,"_bbp_topic_count_hidden":0,"_bbp_reply_count_hidden":0,"_bbp_forum_subforum_count":0,"footnotes":""},"categories":[132],"tags":[],"_links":{"self":[{"href":"http:\/\/www.lesamphis.org\/blog\/wp-json\/wp\/v2\/posts\/926"}],"collection":[{"href":"http:\/\/www.lesamphis.org\/blog\/wp-json\/wp\/v2\/posts"}],"about":[{"href":"http:\/\/www.lesamphis.org\/blog\/wp-json\/wp\/v2\/types\/post"}],"author":[{"embeddable":true,"href":"http:\/\/www.lesamphis.org\/blog\/wp-json\/wp\/v2\/users\/4"}],"replies":[{"embeddable":true,"href":"http:\/\/www.lesamphis.org\/blog\/wp-json\/wp\/v2\/comments?post=926"}],"version-history":[{"count":8,"href":"http:\/\/www.lesamphis.org\/blog\/wp-json\/wp\/v2\/posts\/926\/revisions"}],"predecessor-version":[{"id":937,"href":"http:\/\/www.lesamphis.org\/blog\/wp-json\/wp\/v2\/posts\/926\/revisions\/937"}],"wp:attachment":[{"href":"http:\/\/www.lesamphis.org\/blog\/wp-json\/wp\/v2\/media?parent=926"}],"wp:term":[{"taxonomy":"category","embeddable":true,"href":"http:\/\/www.lesamphis.org\/blog\/wp-json\/wp\/v2\/categories?post=926"},{"taxonomy":"post_tag","embeddable":true,"href":"http:\/\/www.lesamphis.org\/blog\/wp-json\/wp\/v2\/tags?post=926"}],"curies":[{"name":"wp","href":"https:\/\/api.w.org\/{rel}","templated":true}]}}