{"id":964,"date":"2020-05-21T22:26:21","date_gmt":"2020-05-21T21:26:21","guid":{"rendered":"http:\/\/www.lesamphis.org\/blog\/?p=964"},"modified":"2020-06-02T21:41:52","modified_gmt":"2020-06-02T20:41:52","slug":"annonce-du-programme-saison-2020-2021","status":"publish","type":"post","link":"http:\/\/www.lesamphis.org\/blog\/annonce-du-programme-saison-2020-2021\/","title":{"rendered":"Annonce du programme saison 2020-2021"},"content":{"rendered":"\n<p>Voici notre premi\u00e8re annonce pour le programme des <strong>AmphisVDR<\/strong> pour la saison 2020-2021. Plus de d\u00e9tails tr\u00e8s rapidement&#8230;<\/p>\n\n\n\n<figure class=\"wp-block-image size-large\"><img loading=\"lazy\" decoding=\"async\" width=\"980\" height=\"270\" src=\"http:\/\/www.lesamphis.org\/blog\/wp-content\/uploads\/2020\/05\/slide-6-Relief-V3.gif\" alt=\"\" class=\"wp-image-1032\"\/><\/figure>\n\n\n\n<div class=\"wp-block-media-text alignwide is-stacked-on-mobile\" style=\"grid-template-columns:34% auto\"><figure class=\"wp-block-media-text__media\"><img loading=\"lazy\" decoding=\"async\" width=\"386\" height=\"500\" src=\"http:\/\/www.lesamphis.org\/blog\/wp-content\/uploads\/2020\/06\/Agnes_Loubeyre-4-0-00-00-00.jpg\" alt=\"\" class=\"wp-image-1083\" srcset=\"http:\/\/www.lesamphis.org\/blog\/wp-content\/uploads\/2020\/06\/Agnes_Loubeyre-4-0-00-00-00.jpg 386w, http:\/\/www.lesamphis.org\/blog\/wp-content\/uploads\/2020\/06\/Agnes_Loubeyre-4-0-00-00-00-232x300.jpg 232w\" sizes=\"(max-width: 386px) 100vw, 386px\" \/><\/figure><div class=\"wp-block-media-text__content\">\n<p style=\"font-size:18px\" class=\"has-background has-text-align-center has-very-light-gray-background-color\"><strong><strong>Mercredi<\/strong> 28 Octobre 2020:<\/strong><\/p>\n\n\n\n<p class=\"has-text-color has-text-align-center has-cyan-bluish-gray-color\">Conf\u00e9rence :<\/p>\n\n\n\n<p style=\"font-size:24px\" class=\"has-text-align-center\">Agn\u00e8s Loubeyre<\/p>\n\n\n\n<p class=\"has-text-align-center\"><strong>\u00ab\u00a0Les nombres et leurs formes<br>aux sources du langage sacr\u00e9\u00a0\u00bb<\/strong><\/p>\n<\/div><\/div>\n\n\n\n<div class=\"wp-block-group\"><div class=\"wp-block-group__inner-container is-layout-flow wp-block-group-is-layout-flow\">\n<p><\/p>\n<\/div><\/div>\n\n\n\n<p><\/p>\n\n\n\n<div style=\"height:100px\" aria-hidden=\"true\" class=\"wp-block-spacer\"><\/div>\n\n\n\n<div class=\"wp-block-media-text alignwide is-stacked-on-mobile\" style=\"grid-template-columns:39% auto\"><figure class=\"wp-block-media-text__media\"><img loading=\"lazy\" decoding=\"async\" width=\"520\" height=\"782\" src=\"http:\/\/www.lesamphis.org\/blog\/wp-content\/uploads\/2020\/05\/Renee-Paule-Guillot-3.gif\" alt=\"\" class=\"wp-image-1026\"\/><\/figure><div class=\"wp-block-media-text__content\">\n<p style=\"font-size:18px\" class=\"has-background has-text-align-center has-very-light-gray-background-color\"><strong><strong>Mercredi<\/strong> 25 Novembre 2020:<\/strong><\/p>\n\n\n\n<p class=\"has-text-color has-text-align-center has-cyan-bluish-gray-color\">Conf\u00e9rence :<\/p>\n\n\n\n<p style=\"font-size:24px\" class=\"has-text-align-center\">Ren\u00e9e-Paule Guillot<\/p>\n\n\n\n<p style=\"font-size:18px\" class=\"has-text-align-center\"><strong>\u00ab<strong>Maitre Philippe<\/strong>\u00bb<\/strong><\/p>\n<\/div><\/div>\n\n\n\n<div style=\"height:100px\" aria-hidden=\"true\" class=\"wp-block-spacer\"><\/div>\n\n\n\n<p><\/p>\n\n\n\n<div class=\"wp-block-media-text alignwide is-stacked-on-mobile\" style=\"grid-template-columns:34% auto\"><figure class=\"wp-block-media-text__media\"><img loading=\"lazy\" decoding=\"async\" width=\"500\" height=\"500\" src=\"http:\/\/www.lesamphis.org\/blog\/wp-content\/uploads\/2020\/05\/Inter-Obediences-VC01.gif\" alt=\"\" class=\"wp-image-1067\"\/><\/figure><div class=\"wp-block-media-text__content\">\n<p style=\"font-size:18px\" class=\"has-background has-text-align-center has-very-light-gray-background-color\"><strong><strong>Mercredi<\/strong> 27 Janvier 2021:<\/strong><\/p>\n\n\n\n<p style=\"font-size:24px\" class=\"has-text-align-center\">Rencontre Inter-Ob\u00e9diences<\/p>\n\n\n\n<p style=\"font-size:18px\" class=\"has-text-align-center\">\u00ab<strong>La Voie substitu\u00e9e\u00bb<\/strong><\/p>\n<\/div><\/div>\n\n\n\n<div style=\"height:100px\" aria-hidden=\"true\" class=\"wp-block-spacer\"><\/div>\n\n\n\n<div class=\"wp-block-media-text alignwide is-stacked-on-mobile\" style=\"grid-template-columns:34% auto\"><figure class=\"wp-block-media-text__media\"><img loading=\"lazy\" decoding=\"async\" width=\"1001\" height=\"868\" src=\"http:\/\/www.lesamphis.org\/blog\/wp-content\/uploads\/2020\/05\/faouzi-skali-pour-GIF.gif\" alt=\"\" class=\"wp-image-1030\"\/><\/figure><div class=\"wp-block-media-text__content\">\n<p style=\"font-size:18px\" class=\"has-background has-text-align-center has-very-light-gray-background-color\"><strong><strong>Mercredi<\/strong> 24 Mars 2021:<\/strong><\/p>\n\n\n\n<p class=\"has-text-color has-text-align-center has-cyan-bluish-gray-color\">Conf\u00e9rence :<\/p>\n\n\n\n<p style=\"font-size:24px\" class=\"has-text-align-center\">Faouzi Skali<\/p>\n\n\n\n<p style=\"font-size:18px\" class=\"has-text-align-center\">\u00ab<strong>Le Soufisme\u00bb<\/strong><\/p>\n<\/div><\/div>\n\n\n\n<div style=\"height:100px\" aria-hidden=\"true\" class=\"wp-block-spacer\"><\/div>\n\n\n\n<div class=\"wp-block-media-text alignwide is-stacked-on-mobile\" style=\"grid-template-columns:34% auto\"><figure class=\"wp-block-media-text__media\"><img loading=\"lazy\" decoding=\"async\" width=\"500\" height=\"500\" src=\"http:\/\/www.lesamphis.org\/blog\/wp-content\/uploads\/2020\/05\/JJ_Gabut-pour-GIF.gif\" alt=\"\" class=\"wp-image-1029\"\/><\/figure><div class=\"wp-block-media-text__content\">\n<p style=\"font-size:18px\" class=\"has-background has-text-align-center has-very-light-gray-background-color\"><strong><strong>Mercredi<\/strong> 28 Avril 2021:<\/strong><\/p>\n\n\n\n<p class=\"has-text-color has-text-align-center has-cyan-bluish-gray-color\">Conf\u00e9rence :<\/p>\n\n\n\n<p style=\"font-size:24px\" class=\"has-text-align-center\">Jean-Jacques Gabut<\/p>\n\n\n\n<p style=\"font-size:18px\" class=\"has-text-align-center\">\u00ab<strong><strong><strong>\u00c9sot\u00e9risme et occultisme en Franc-Ma\u00e7onnerie<\/strong><\/strong>\u00bb<\/strong><\/p>\n<\/div><\/div>\n\n\n\n<div style=\"height:100px\" aria-hidden=\"true\" class=\"wp-block-spacer\"><\/div>\n\n\n\n<div class=\"wp-block-media-text alignwide is-stacked-on-mobile\" style=\"grid-template-columns:35% auto\"><figure class=\"wp-block-media-text__media\"><img loading=\"lazy\" decoding=\"async\" width=\"500\" height=\"500\" src=\"http:\/\/www.lesamphis.org\/blog\/wp-content\/uploads\/2020\/05\/Controverse.gif\" alt=\"\" class=\"wp-image-1021\"\/><\/figure><div class=\"wp-block-media-text__content\">\n<p style=\"font-size:18px\" class=\"has-background has-text-align-center has-very-light-gray-background-color\"><strong><strong>Mercredi<\/strong> 26 mai 2021:<\/strong><\/p>\n\n\n\n<p class=\"has-text-color has-text-align-center has-cyan-bluish-gray-color\">pi\u00e8ce de th\u00e9\u00e2tre et Conf\u00e9rence :<\/p>\n\n\n\n<p style=\"font-size:24px\" class=\"has-text-align-center\"><strong>La Controverse de Valladolid<\/strong><\/p>\n\n\n\n<p class=\"has-text-align-center\">JP Valentin<\/p>\n\n\n\n<p class=\"has-text-align-center\">et<\/p>\n\n\n\n<p style=\"font-size:18px\" class=\"has-text-align-center\">Conf\u00e9rence de <strong>Yves Hivert-Messeca<\/strong><\/p>\n<\/div><\/div>\n\n\n\n<figure class=\"wp-block-image size-large\"><img loading=\"lazy\" decoding=\"async\" width=\"810\" height=\"384\" src=\"http:\/\/www.lesamphis.org\/blog\/wp-content\/uploads\/2020\/05\/Logo-Amphis-Google-9b.gif\" alt=\"\" class=\"wp-image-992\"\/><\/figure>\n\n\n\n<div class=\"wp-block-group is-layout-flow wp-block-group-is-layout-flow\"><div class=\"wp-block-group__inner-container\"><\/div><\/div>\n\n\n\n<p><\/p>\n\n\n\n<figure class=\"wp-block-video\"><video autoplay loop muted poster=\"\" src=\"http:\/\/www.lesamphis.org\/blog\/wp-content\/uploads\/2020\/05\/slide-10-grand-2_2.mp4\" playsinline><\/video><\/figure>\n","protected":false},"excerpt":{"rendered":"<p>Voici notre premi\u00e8re annonce pour le programme des AmphisVDR pour la saison 2020-2021. Plus de d\u00e9tails tr\u00e8s rapidement&#8230; Mercredi 28 Octobre 2020: Conf\u00e9rence : Agn\u00e8s Loubeyre \u00ab\u00a0Les nombres et leurs formesaux sources du langage sacr\u00e9\u00a0\u00bb Mercredi 25 Novembre 2020: Conf\u00e9rence : Ren\u00e9e-Paule Guillot \u00abMaitre Philippe\u00bb Mercredi 27 Janvier 2021: Rencontre Inter-Ob\u00e9diences \u00abLa Voie substitu\u00e9e\u00bb Mercredi &#8230; <span class=\"more\"><a class=\"more-link\" href=\"http:\/\/www.lesamphis.org\/blog\/annonce-du-programme-saison-2020-2021\/\">[Read more&#8230;]<\/a><\/span><\/p>\n","protected":false},"author":4,"featured_media":0,"comment_status":"open","ping_status":"open","sticky":false,"template":"","format":"standard","meta":{"_bbp_topic_count":0,"_bbp_reply_count":0,"_bbp_total_topic_count":0,"_bbp_total_reply_count":0,"_bbp_voice_count":0,"_bbp_anonymous_reply_count":0,"_bbp_topic_count_hidden":0,"_bbp_reply_count_hidden":0,"_bbp_forum_subforum_count":0,"footnotes":""},"categories":[133],"tags":[],"_links":{"self":[{"href":"http:\/\/www.lesamphis.org\/blog\/wp-json\/wp\/v2\/posts\/964"}],"collection":[{"href":"http:\/\/www.lesamphis.org\/blog\/wp-json\/wp\/v2\/posts"}],"about":[{"href":"http:\/\/www.lesamphis.org\/blog\/wp-json\/wp\/v2\/types\/post"}],"author":[{"embeddable":true,"href":"http:\/\/www.lesamphis.org\/blog\/wp-json\/wp\/v2\/users\/4"}],"replies":[{"embeddable":true,"href":"http:\/\/www.lesamphis.org\/blog\/wp-json\/wp\/v2\/comments?post=964"}],"version-history":[{"count":45,"href":"http:\/\/www.lesamphis.org\/blog\/wp-json\/wp\/v2\/posts\/964\/revisions"}],"predecessor-version":[{"id":1143,"href":"http:\/\/www.lesamphis.org\/blog\/wp-json\/wp\/v2\/posts\/964\/revisions\/1143"}],"wp:attachment":[{"href":"http:\/\/www.lesamphis.org\/blog\/wp-json\/wp\/v2\/media?parent=964"}],"wp:term":[{"taxonomy":"category","embeddable":true,"href":"http:\/\/www.lesamphis.org\/blog\/wp-json\/wp\/v2\/categories?post=964"},{"taxonomy":"post_tag","embeddable":true,"href":"http:\/\/www.lesamphis.org\/blog\/wp-json\/wp\/v2\/tags?post=964"}],"curies":[{"name":"wp","href":"https:\/\/api.w.org\/{rel}","templated":true}]}}